{"id":122,"date":"2009-07-12T22:39:25","date_gmt":"2009-07-12T20:39:25","guid":{"rendered":"http:\/\/ricettedi.it\/cucina\/?p=122"},"modified":"2015-11-27T14:55:16","modified_gmt":"2015-11-27T12:55:16","slug":"minestra-maritata-o-menesta-maretata","status":"publish","type":"post","link":"https:\/\/ricettedi.it\/cucina\/2009\/07\/minestra-maritata-o-menesta-maretata\/","title":{"rendered":"Minestra maritata o &#8220;menesta maretata&#8221;"},"content":{"rendered":"<p><span itemprop=\"summary\">Questa \u00e8 una ricetta tipica campana a base di verdure e carne bollita. Pi\u00f9 che un primo si tratta di un piatto unico. <strong>Secondo la tradizione napoletana, viene preparato il giorno di Santo Stefano per &#8220;ripulirsi&#8221; dai bagordi delle feste<\/strong>. In realt\u00e0, se preparate la &#8220;menesta maretata&#8221; secondo la ricetta originale, non sar\u00e0 certamente un piatto leggero. Se seguite i nostri suggerimenti, otterrete comunque un piatto gustoso nel rispetto delle tradizioni.<\/span><br \/>\n&nbsp;<br \/>\n<a href=\"https:\/\/i0.wp.com\/ricettedi.it\/cucina\/wp-content\/uploads\/2009\/07\/minestra_maritata_01.jpg\"><img data-recalc-dims=\"1\" loading=\"lazy\" decoding=\"async\" data-attachment-id=\"7142\" data-permalink=\"https:\/\/ricettedi.it\/cucina\/2009\/07\/minestra-maritata-o-menesta-maretata\/minestra_maritata_01\/\" data-orig-file=\"https:\/\/i0.wp.com\/ricettedi.it\/cucina\/wp-content\/uploads\/2009\/07\/minestra_maritata_01.jpg?fit=2929%2C2199&amp;ssl=1\" data-orig-size=\"2929,2199\" data-comments-opened=\"1\" data-image-meta=\"{&quot;aperture&quot;:&quot;2.8&quot;,&quot;credit&quot;:&quot;Picasa&quot;,&quot;camera&quot;:&quot;KODAK EASYSHARE M320 Digital Camera&quot;,&quot;caption&quot;:&quot;&quot;,&quot;created_timestamp&quot;:&quot;1419606500&quot;,&quot;copyright&quot;:&quot;&quot;,&quot;focal_length&quot;:&quot;5.7&quot;,&quot;iso&quot;:&quot;160&quot;,&quot;shutter_speed&quot;:&quot;0.033333&quot;,&quot;title&quot;:&quot;&quot;,&quot;orientation&quot;:&quot;0&quot;}\" data-image-title=\"minestra_maritata_01\" data-image-description=\"\" data-image-caption=\"\" data-large-file=\"https:\/\/i0.wp.com\/ricettedi.it\/cucina\/wp-content\/uploads\/2009\/07\/minestra_maritata_01.jpg?fit=800%2C601&amp;ssl=1\" src=\"https:\/\/i0.wp.com\/ricettedi.it\/cucina\/wp-content\/uploads\/2009\/07\/minestra_maritata_01.jpg?resize=640%2C481\" alt=\"minestra_maritata_01\" width=\"640\" height=\"481\" class=\"aligncenter size-large wp-image-7142\" srcset=\"https:\/\/i0.wp.com\/ricettedi.it\/cucina\/wp-content\/uploads\/2009\/07\/minestra_maritata_01.jpg?resize=1024%2C769&amp;ssl=1 1024w, https:\/\/i0.wp.com\/ricettedi.it\/cucina\/wp-content\/uploads\/2009\/07\/minestra_maritata_01.jpg?resize=150%2C113&amp;ssl=1 150w, https:\/\/i0.wp.com\/ricettedi.it\/cucina\/wp-content\/uploads\/2009\/07\/minestra_maritata_01.jpg?resize=300%2C225&amp;ssl=1 300w, https:\/\/i0.wp.com\/ricettedi.it\/cucina\/wp-content\/uploads\/2009\/07\/minestra_maritata_01.jpg?w=1600 1600w, https:\/\/i0.wp.com\/ricettedi.it\/cucina\/wp-content\/uploads\/2009\/07\/minestra_maritata_01.jpg?w=2400 2400w\" sizes=\"auto, (max-width: 640px) 100vw, 640px\" \/><\/a><br \/>\n<strong>Le dosi degli ingredienti sono assolutamente libere<\/strong>. La redazione di Ricettedi predilige comunque le scarole, i broccoli e le cime di rapa, cos\u00ec <strong>come non possono assolutamente mancare le costine di maiale, le salsicce &#8216;nnoglia e la cotica<\/strong>. Questi sono gli ingredienti della ricetta originale:<br \/>\n&#8211; carne mista (gallina, maiale, manzo)<br \/>\n&#8211; verdura mista (scarole, bietole, cicoria, broccoli, cime di rapa e verza)<br \/>\n&#8211; cotica di maiale<br \/>\n&#8211; &#8220;nnoglia&#8221; (salsicciotto di intestini di maiale salati, con pepe e finocchietto)<br \/>\n&#8211; un osso di prosciutto<br \/>\n&#8211; tracchiulelle (costine di maiale)<br \/>\n&#8211; 2 spicchi di aglio<br \/>\n&#8211; 1 cipolla<br \/>\n&#8211; 1 carota<br \/>\n&#8211; 1 costa di sedano<br \/>\n&#8211; 1 patata<br \/>\n&#8211; olio d&#8217;oliva<br \/>\n&#8211; pepe (o peperoncino) e sale<\/p>\n<p>Preparazione<br \/>\n<span itemprop=\"instructions\"><br \/>\nLa ricetta \u00e8 molto semplice, ma richiede pi\u00f9 di 2 ore di preparazione. Naturalmente non \u00e8 necessario che utilizziate tutti gli ingredienti e, allo stesso tempo, potete aggiungerne di altri in base al vostro gusto personale.<\/p>\n<p><strong>Come prima cosa prendete una pentola molto capiente<\/strong>, riempitela d&#8217;acqua leggermente salata e versatevi a freddo 2 spicchi d&#8217;aglio, 1 cipolla tagliata in due, 1 costa di sedano, 1 carota e 1 patata tagliata in 2-3 pezzi.<\/p>\n<p><strong>Prendete la carne che avete a disposizione e mettete da parte i pezzi pi\u00f9 grassi,<\/strong> come le costine di maiale, la salsiccia e la cotica. Tutto il resto lo tagliate a pezzi pi\u00f9 o meno grandi a seconda dei gusti e lo aggiungete nella pentola che avete preparato. In una pentola a parte invece sbollentate la carne pi\u00f9 grassa sempre in acqua leggermente salata.<\/p>\n<p><strong>Portate ad ebollizione e fate cuocere entrambe le pentole per almeno un&#8217;ora<\/strong>. Vi consigliamo questo procedimento per non appesantire troppo il brodo. Dopo un&#8217;ora infatti, eliminerete completamente il brodo di cottura della carne pi\u00f9 grassa, ed andrete ad aggiungere i pezzi di maiale e di cotica sgrassati insieme agli altri, continuando la cottura nel brodo per un&#8217;altra ora circa.<\/p>\n<p><strong>Nel frattempo pulite le verdure miste e cominciate a sbollentarle separatamente<\/strong>. Per la scarola, gli spinaci e le cime di rapa sono sufficienti 5 minuti, mentre per broccoli, cicoria, verza e bietole qualche minuto in pi\u00f9. Ricordatevi che comunque la cottura continuer\u00e0 nel brodo di carne che state preparando.<\/p>\n<p><strong>Per sgrassare il brodo, eliminate durante la cottura la schiumetta che si forma in superficie<\/strong>. Se invece avete tempo a vostra disposizione preparate il brodo con molto anticipo e fatelo raffreddare. La parte grassa tender\u00e0 ad addensarsi in superficie e non dovrete fare altro che toglierla con un mestolo o un cucchiaio.<\/p>\n<p><strong>Assaggiate il brodo solo dopo aver aggiunto i pezzi pi\u00f9 grassi e, all&#8217;occorrenza, aggiustate di sale<\/strong>. Trascorse le 2 ore di cottura il brodo sar\u00e0 pronto. Aggiungete quindi le verdure sbollentate e continuate la cottura ancora per una decina di minuti circa.<br \/>\n&nbsp;<br \/>\n<a href=\"https:\/\/i0.wp.com\/ricettedi.it\/cucina\/wp-content\/uploads\/2009\/07\/minestra_maritata_02.jpg\"><img data-recalc-dims=\"1\" loading=\"lazy\" decoding=\"async\" data-attachment-id=\"7143\" data-permalink=\"https:\/\/ricettedi.it\/cucina\/2009\/07\/minestra-maritata-o-menesta-maretata\/minestra_maritata_02\/\" data-orig-file=\"https:\/\/i0.wp.com\/ricettedi.it\/cucina\/wp-content\/uploads\/2009\/07\/minestra_maritata_02.jpg?fit=3036%2C2281&amp;ssl=1\" data-orig-size=\"3036,2281\" data-comments-opened=\"1\" data-image-meta=\"{&quot;aperture&quot;:&quot;2.8&quot;,&quot;credit&quot;:&quot;Picasa&quot;,&quot;camera&quot;:&quot;KODAK EASYSHARE M320 Digital Camera&quot;,&quot;caption&quot;:&quot;&quot;,&quot;created_timestamp&quot;:&quot;1419611798&quot;,&quot;copyright&quot;:&quot;&quot;,&quot;focal_length&quot;:&quot;5.7&quot;,&quot;iso&quot;:&quot;160&quot;,&quot;shutter_speed&quot;:&quot;0.02&quot;,&quot;title&quot;:&quot;&quot;,&quot;orientation&quot;:&quot;0&quot;}\" data-image-title=\"minestra_maritata_02\" data-image-description=\"\" data-image-caption=\"\" data-large-file=\"https:\/\/i0.wp.com\/ricettedi.it\/cucina\/wp-content\/uploads\/2009\/07\/minestra_maritata_02.jpg?fit=800%2C601&amp;ssl=1\" src=\"https:\/\/i0.wp.com\/ricettedi.it\/cucina\/wp-content\/uploads\/2009\/07\/minestra_maritata_02.jpg?resize=640%2C481\" alt=\"minestra_maritata_02\" width=\"640\" height=\"481\" class=\"aligncenter size-large wp-image-7143\" srcset=\"https:\/\/i0.wp.com\/ricettedi.it\/cucina\/wp-content\/uploads\/2009\/07\/minestra_maritata_02.jpg?resize=1024%2C769&amp;ssl=1 1024w, https:\/\/i0.wp.com\/ricettedi.it\/cucina\/wp-content\/uploads\/2009\/07\/minestra_maritata_02.jpg?resize=150%2C113&amp;ssl=1 150w, https:\/\/i0.wp.com\/ricettedi.it\/cucina\/wp-content\/uploads\/2009\/07\/minestra_maritata_02.jpg?resize=300%2C225&amp;ssl=1 300w, https:\/\/i0.wp.com\/ricettedi.it\/cucina\/wp-content\/uploads\/2009\/07\/minestra_maritata_02.jpg?w=1600 1600w, https:\/\/i0.wp.com\/ricettedi.it\/cucina\/wp-content\/uploads\/2009\/07\/minestra_maritata_02.jpg?w=2400 2400w\" sizes=\"auto, (max-width: 640px) 100vw, 640px\" \/><\/a><br \/>\n<strong>Preparate i patti in questo modo.<\/strong> Mettete sul fondo una frisella, oppure una fetta di pane raffermo ben abbrustolito, versateci sopra le verdure e la carne con il loro brodo e aggiungete un filo d&#8217;olio, il pepe o il peperoncino macinati. Eventualmente potete aggiungere anche il formaggio grattugiato (meglio se pecorino).<br \/>\n&nbsp;<br \/>\n<a href=\"https:\/\/i0.wp.com\/ricettedi.it\/cucina\/wp-content\/uploads\/2009\/07\/minestra_maritata_03.jpg\"><img data-recalc-dims=\"1\" loading=\"lazy\" decoding=\"async\" data-attachment-id=\"7144\" data-permalink=\"https:\/\/ricettedi.it\/cucina\/2009\/07\/minestra-maritata-o-menesta-maretata\/minestra_maritata_03\/\" data-orig-file=\"https:\/\/i0.wp.com\/ricettedi.it\/cucina\/wp-content\/uploads\/2009\/07\/minestra_maritata_03.jpg?fit=2858%2C2148&amp;ssl=1\" data-orig-size=\"2858,2148\" data-comments-opened=\"1\" data-image-meta=\"{&quot;aperture&quot;:&quot;2.8&quot;,&quot;credit&quot;:&quot;Picasa&quot;,&quot;camera&quot;:&quot;KODAK EASYSHARE M320 Digital Camera&quot;,&quot;caption&quot;:&quot;&quot;,&quot;created_timestamp&quot;:&quot;1419606459&quot;,&quot;copyright&quot;:&quot;&quot;,&quot;focal_length&quot;:&quot;5.7&quot;,&quot;iso&quot;:&quot;160&quot;,&quot;shutter_speed&quot;:&quot;0.033333&quot;,&quot;title&quot;:&quot;&quot;,&quot;orientation&quot;:&quot;0&quot;}\" data-image-title=\"minestra_maritata_03\" data-image-description=\"\" data-image-caption=\"\" data-large-file=\"https:\/\/i0.wp.com\/ricettedi.it\/cucina\/wp-content\/uploads\/2009\/07\/minestra_maritata_03.jpg?fit=800%2C602&amp;ssl=1\" src=\"https:\/\/i0.wp.com\/ricettedi.it\/cucina\/wp-content\/uploads\/2009\/07\/minestra_maritata_03.jpg?resize=640%2C481\" alt=\"minestra_maritata_03\" width=\"640\" height=\"481\" class=\"aligncenter size-large wp-image-7144\" srcset=\"https:\/\/i0.wp.com\/ricettedi.it\/cucina\/wp-content\/uploads\/2009\/07\/minestra_maritata_03.jpg?resize=1024%2C770&amp;ssl=1 1024w, https:\/\/i0.wp.com\/ricettedi.it\/cucina\/wp-content\/uploads\/2009\/07\/minestra_maritata_03.jpg?resize=150%2C113&amp;ssl=1 150w, https:\/\/i0.wp.com\/ricettedi.it\/cucina\/wp-content\/uploads\/2009\/07\/minestra_maritata_03.jpg?resize=300%2C225&amp;ssl=1 300w, https:\/\/i0.wp.com\/ricettedi.it\/cucina\/wp-content\/uploads\/2009\/07\/minestra_maritata_03.jpg?w=1600 1600w, https:\/\/i0.wp.com\/ricettedi.it\/cucina\/wp-content\/uploads\/2009\/07\/minestra_maritata_03.jpg?w=2400 2400w\" sizes=\"auto, (max-width: 640px) 100vw, 640px\" \/><\/a><br \/>\n<\/span><br \/>\n<a href=\"http:\/\/ricettedi.it\/cucina\/2009\/09\/struffoli\/\"><strong><em>Struffoli<\/em><\/strong><\/a><br \/>\nhai mai provato a farli in casa? Guarda l&#8217;imperdibile foto-ricetta degli struffoli di  Teresa (mamma di Chef Antony)<\/p>\n<p><a href=\"http:\/\/ricettedi.it\/cucina\/2009\/09\/struffoli\/\"><img data-recalc-dims=\"1\" loading=\"lazy\" decoding=\"async\" data-attachment-id=\"7145\" data-permalink=\"https:\/\/ricettedi.it\/cucina\/2009\/07\/minestra-maritata-o-menesta-maretata\/struffoli-2\/\" data-orig-file=\"https:\/\/i0.wp.com\/ricettedi.it\/cucina\/wp-content\/uploads\/2009\/07\/struffoli.jpg?fit=3472%2C2604&amp;ssl=1\" data-orig-size=\"3472,2604\" data-comments-opened=\"1\" data-image-meta=\"{&quot;aperture&quot;:&quot;2.8&quot;,&quot;credit&quot;:&quot;&quot;,&quot;camera&quot;:&quot;KODAK EASYSHARE M320 Digital Camera&quot;,&quot;caption&quot;:&quot;&quot;,&quot;created_timestamp&quot;:&quot;1356877478&quot;,&quot;copyright&quot;:&quot;&quot;,&quot;focal_length&quot;:&quot;5.7&quot;,&quot;iso&quot;:&quot;120&quot;,&quot;shutter_speed&quot;:&quot;0.016667&quot;,&quot;title&quot;:&quot;&quot;,&quot;orientation&quot;:&quot;1&quot;}\" data-image-title=\"struffoli\" data-image-description=\"\" data-image-caption=\"\" data-large-file=\"https:\/\/i0.wp.com\/ricettedi.it\/cucina\/wp-content\/uploads\/2009\/07\/struffoli.jpg?fit=800%2C600&amp;ssl=1\" src=\"https:\/\/i0.wp.com\/ricettedi.it\/cucina\/wp-content\/uploads\/2009\/07\/struffoli.jpg?resize=640%2C480\" alt=\"struffoli\" width=\"640\" height=\"480\" class=\"aligncenter size-large wp-image-7145\" srcset=\"https:\/\/i0.wp.com\/ricettedi.it\/cucina\/wp-content\/uploads\/2009\/07\/struffoli.jpg?resize=1024%2C768&amp;ssl=1 1024w, https:\/\/i0.wp.com\/ricettedi.it\/cucina\/wp-content\/uploads\/2009\/07\/struffoli.jpg?resize=150%2C113&amp;ssl=1 150w, https:\/\/i0.wp.com\/ricettedi.it\/cucina\/wp-content\/uploads\/2009\/07\/struffoli.jpg?resize=300%2C225&amp;ssl=1 300w, https:\/\/i0.wp.com\/ricettedi.it\/cucina\/wp-content\/uploads\/2009\/07\/struffoli.jpg?w=1600 1600w, https:\/\/i0.wp.com\/ricettedi.it\/cucina\/wp-content\/uploads\/2009\/07\/struffoli.jpg?w=2400 2400w\" sizes=\"auto, (max-width: 640px) 100vw, 640px\" \/><\/a><\/p>\n","protected":false},"excerpt":{"rendered":"<p>Pi\u00f9 che un primo si tratta di un piatto unico e, secondo la tradizione napoletana, viene preparato il giorno di Santo Stefano per &#8220;ripulirsi&#8221; dai bagordi delle feste&#8230;<\/p>\n","protected":false},"author":1,"featured_media":7144,"comment_status":"open","ping_status":"open","sticky":false,"template":"","format":"standard","meta":{"colormag_page_container_layout":"default_layout","colormag_page_sidebar_layout":"default_layout","jetpack_post_was_ever_published":false,"_jetpack_newsletter_access":"","_jetpack_dont_email_post_to_subs":false,"_jetpack_newsletter_tier_id":0,"_jetpack_memberships_contains_paywalled_content":false,"_jetpack_memberships_contains_paid_content":false,"footnotes":"","jetpack_publicize_message":"","jetpack_publicize_feature_enabled":true,"jetpack_social_post_already_shared":false,"jetpack_social_options":{"image_generator_settings":{"template":"highway","default_image_id":0,"font":"","enabled":false},"version":2}},"categories":[46,11,50,43,3,61],"tags":[],"class_list":["post-122","post","type-post","status-publish","format-standard","has-post-thumbnail","hentry","category-foto-ricette","category-primi","category-primi-foto-ricette","category-prodotti-tipici","category-ricette","category-secondi-piatti"],"jetpack_publicize_connections":[],"jetpack_featured_media_url":"https:\/\/i0.wp.com\/ricettedi.it\/cucina\/wp-content\/uploads\/2009\/07\/minestra_maritata_03.jpg?fit=2858%2C2148&ssl=1","jetpack_sharing_enabled":true,"_links":{"self":[{"href":"https:\/\/ricettedi.it\/cucina\/wp-json\/wp\/v2\/posts\/122","targetHints":{"allow":["GET"]}}],"collection":[{"href":"https:\/\/ricettedi.it\/cucina\/wp-json\/wp\/v2\/posts"}],"about":[{"href":"https:\/\/ricettedi.it\/cucina\/wp-json\/wp\/v2\/types\/post"}],"author":[{"embeddable":true,"href":"https:\/\/ricettedi.it\/cucina\/wp-json\/wp\/v2\/users\/1"}],"replies":[{"embeddable":true,"href":"https:\/\/ricettedi.it\/cucina\/wp-json\/wp\/v2\/comments?post=122"}],"version-history":[{"count":9,"href":"https:\/\/ricettedi.it\/cucina\/wp-json\/wp\/v2\/posts\/122\/revisions"}],"predecessor-version":[{"id":7146,"href":"https:\/\/ricettedi.it\/cucina\/wp-json\/wp\/v2\/posts\/122\/revisions\/7146"}],"wp:featuredmedia":[{"embeddable":true,"href":"https:\/\/ricettedi.it\/cucina\/wp-json\/wp\/v2\/media\/7144"}],"wp:attachment":[{"href":"https:\/\/ricettedi.it\/cucina\/wp-json\/wp\/v2\/media?parent=122"}],"wp:term":[{"taxonomy":"category","embeddable":true,"href":"https:\/\/ricettedi.it\/cucina\/wp-json\/wp\/v2\/categories?post=122"},{"taxonomy":"post_tag","embeddable":true,"href":"https:\/\/ricettedi.it\/cucina\/wp-json\/wp\/v2\/tags?post=122"}],"curies":[{"name":"wp","href":"https:\/\/api.w.org\/{rel}","templated":true}]}}