{"id":3468,"date":"2014-09-14T10:59:59","date_gmt":"2014-09-14T08:59:59","guid":{"rendered":"http:\/\/ricettedi.it\/cucina\/?p=3468"},"modified":"2015-05-01T21:46:31","modified_gmt":"2015-05-01T19:46:31","slug":"marmellata-di-pere-decana","status":"publish","type":"post","link":"https:\/\/ricettedi.it\/cucina\/2014\/09\/marmellata-di-pere-decana\/","title":{"rendered":"Marmellata di pere decana"},"content":{"rendered":"<p><a itemprop=\"photo\" href=\"https:\/\/i0.wp.com\/ricettedi.it\/cucina\/wp-content\/uploads\/2014\/09\/marmellata_di_pere_decana_01.jpg\"><img data-recalc-dims=\"1\" loading=\"lazy\" decoding=\"async\" data-attachment-id=\"5663\" data-permalink=\"https:\/\/ricettedi.it\/cucina\/2014\/09\/marmellata-di-pere-decana\/olympus-digital-camera-13\/\" data-orig-file=\"https:\/\/i0.wp.com\/ricettedi.it\/cucina\/wp-content\/uploads\/2014\/09\/marmellata_di_pere_decana_01.jpg?fit=3835%2C2874&amp;ssl=1\" data-orig-size=\"3835,2874\" data-comments-opened=\"1\" data-image-meta=\"{&quot;aperture&quot;:&quot;3.4&quot;,&quot;credit&quot;:&quot;Picasa&quot;,&quot;camera&quot;:&quot;VG180,D770&quot;,&quot;caption&quot;:&quot;&quot;,&quot;created_timestamp&quot;:&quot;1410621172&quot;,&quot;copyright&quot;:&quot;&quot;,&quot;focal_length&quot;:&quot;8.3&quot;,&quot;iso&quot;:&quot;100&quot;,&quot;shutter_speed&quot;:&quot;0.000625&quot;,&quot;title&quot;:&quot;OLYMPUS DIGITAL CAMERA&quot;,&quot;orientation&quot;:&quot;0&quot;}\" data-image-title=\"OLYMPUS DIGITAL CAMERA\" data-image-description=\"\" data-image-caption=\"\" data-large-file=\"https:\/\/i0.wp.com\/ricettedi.it\/cucina\/wp-content\/uploads\/2014\/09\/marmellata_di_pere_decana_01.jpg?fit=800%2C599&amp;ssl=1\" src=\"https:\/\/i0.wp.com\/ricettedi.it\/cucina\/wp-content\/uploads\/2014\/09\/marmellata_di_pere_decana_01.jpg?resize=640%2C479\" alt=\"marmellata di pere decana\" width=\"640\" height=\"479\" class=\"aligncenter size-large wp-image-5663\" srcset=\"https:\/\/i0.wp.com\/ricettedi.it\/cucina\/wp-content\/uploads\/2014\/09\/marmellata_di_pere_decana_01.jpg?resize=1024%2C767&amp;ssl=1 1024w, https:\/\/i0.wp.com\/ricettedi.it\/cucina\/wp-content\/uploads\/2014\/09\/marmellata_di_pere_decana_01.jpg?resize=150%2C112&amp;ssl=1 150w, https:\/\/i0.wp.com\/ricettedi.it\/cucina\/wp-content\/uploads\/2014\/09\/marmellata_di_pere_decana_01.jpg?resize=300%2C225&amp;ssl=1 300w, https:\/\/i0.wp.com\/ricettedi.it\/cucina\/wp-content\/uploads\/2014\/09\/marmellata_di_pere_decana_01.jpg?w=1600 1600w, https:\/\/i0.wp.com\/ricettedi.it\/cucina\/wp-content\/uploads\/2014\/09\/marmellata_di_pere_decana_01.jpg?w=2400 2400w\" sizes=\"auto, (max-width: 640px) 100vw, 640px\" \/><\/a><br \/>\n<span itemprop=\"summary\"><br \/>\nSe volete fare la marmellata di pere in casa, la qualit\u00e0 migliore da  utilizzare \u00e8 senz&#8217;altro la pera decana.<\/p>\n<p>La sua polpa bianca, soda e compatta, leggermente acidula, \u00e8 la pi\u00f9 indicata per realizzare succhi e confetture.<br \/>\n<\/span><br \/>\nPer fare una buona marmellata, non dovete usare pere troppo mature.<br \/>\nIn questa foto-ricetta chef Antony ha utilizzato 4 kg. di pere raccolte per lui direttamente dall&#8217;albero, con un perfetto grado di maturazione.<br \/>\nLa polpa \u00e8 molto soda e compatta, ma non acerba. Pere maturate al punto giusto, appena pronte da mangiare!<br \/>\n&nbsp;<br \/>\n<img data-recalc-dims=\"1\" loading=\"lazy\" decoding=\"async\" alt=\"\" src=\"https:\/\/i0.wp.com\/ricettedi.it\/immagini\/marmellata_di_pere_decana\/02_pere_decana.JPG?resize=500%2C376\" class=\"alignnone\" width=\"500\" height=\"376\" \/><br \/>\n&nbsp;<br \/>\nPer la preparazione, niente pectina o additivi strani. Solo ingredienti naturali: pere, zucchero e la polpa di 2 limoni<\/p>\n<p><strong>Ingredienti:<\/strong><br \/>\n<span itemprop=\"ingredient\" itemscope itemtype=\"http:\/\/data-vocabulary.org\/RecipeIngredient\"><br \/>\n&#8211; <span itemprop=\"name\">pere decana<\/span>: <span itemprop=\"amount\">4 kg.<\/span><br \/>\n&#8211; <span itemprop=\"name\">limoni<\/span>: <span itemprop=\"amount\">2 solo polpa<\/span><br \/>\n&#8211; <span itemprop=\"name\">zucchero<\/span>: <span itemprop=\"amount\">500 gr.<\/span><br \/>\n<\/span><\/p>\n<p><span itemprop=\"instructions\"><br \/>\nSbucciate le pere e raccoglietele in una pentola larga e con il fondo spesso<br \/>\n&nbsp;<br \/>\n<img data-recalc-dims=\"1\" loading=\"lazy\" decoding=\"async\" alt=\"\" src=\"https:\/\/i0.wp.com\/ricettedi.it\/immagini\/marmellata_di_pere_decana\/03_marmellata_di_pere_decana.JPG?resize=500%2C375\" class=\"alignnone\" width=\"500\" height=\"375\" \/><br \/>\n&nbsp;<br \/>\nAggiungete la polpa di limone<br \/>\n&nbsp;<br \/>\n<img data-recalc-dims=\"1\" loading=\"lazy\" decoding=\"async\" alt=\"\" src=\"https:\/\/i0.wp.com\/ricettedi.it\/immagini\/marmellata_di_pere_decana\/04_marmellata_di_pere_decana.JPG?resize=500%2C375\" class=\"alignnone\" width=\"500\" height=\"375\" \/><br \/>\n&nbsp;<br \/>\ncominciate la cottura a coperchio chiuso ed a fiamma bassa.<br \/>\nMano a mano che la cottura procede, la polpa si ammorbidisce, e si crea un succo denso e molto profumato<br \/>\nCuocete per circa un&#8217;ora e mezza, poi aggiungete lo zucchero<br \/>\n&nbsp;<br \/>\n<img data-recalc-dims=\"1\" loading=\"lazy\" decoding=\"async\" alt=\"\" src=\"https:\/\/i0.wp.com\/ricettedi.it\/immagini\/marmellata_di_pere_decana\/05_marmellata_di_pere_decana.jpg?resize=500%2C375\" class=\"alignnone\" width=\"500\" height=\"375\" \/><br \/>\n&nbsp;<br \/>\ndopo aver aggiunto lo zucchero, fate cuocere ancora 30-40 minuti con il coperchio sollevato, poi sospendete per 5 minuti e passate la frutta con un frullatore ad immersione<br \/>\n&nbsp;<br \/>\n<img data-recalc-dims=\"1\" loading=\"lazy\" decoding=\"async\" alt=\"\" src=\"https:\/\/i0.wp.com\/ricettedi.it\/immagini\/marmellata_di_pere_decana\/06_marmellata_di_pere_decana.jpg?resize=500%2C375\" class=\"alignnone\" width=\"500\" height=\"375\" \/><br \/>\n&nbsp;<br \/>\nLa marmellata di pere \u00e8 quasi pronta. Proseguite la cottura a coperchio sollevato fino a quando non si sar\u00e0 addensata al punto giusto.<\/p>\n<p>Nel frattempo sterilizzate i vasetti. Passateli per un paio di minuti in acqua bollente, scolateli e fateli asciugare. I vasetti bollenti si asciugheranno praticamente all&#8217;istante.<br \/>\n&nbsp;<br \/>\n<img data-recalc-dims=\"1\" loading=\"lazy\" decoding=\"async\" alt=\"\" src=\"https:\/\/i0.wp.com\/ricettedi.it\/immagini\/marmellata_di_pere_decana\/07_marmellata_di_pere_decana.jpg?resize=500%2C375\" class=\"alignnone\" width=\"500\" height=\"375\" \/><br \/>\n&nbsp;<br \/>\nRiempite i vasetti quando la marmellata \u00e8 ancora sul fuoco.<\/p>\n<p>Ma come si fa a sapere se la marmellata \u00e8 pronta?<br \/>\nfate la prova del piatto: versate un cucchiaio di marmellata su un piatto freddo. Aspettate qualche minuto e poi sollevatelo. Se la marmellata rimane compatta e non ha rilasciato liquidi, allora vuol dire che \u00e8 pronta.<br \/>\n&nbsp;<br \/>\n<img data-recalc-dims=\"1\" loading=\"lazy\" decoding=\"async\" alt=\"\" src=\"https:\/\/i0.wp.com\/ricettedi.it\/immagini\/marmellata_di_pere_decana\/08_marmellata_di_pere_decana.JPG?resize=500%2C375\" class=\"alignnone\" width=\"500\" height=\"375\" \/><br \/>\n&nbsp;<br \/>\nRiempite i vasetti con cura, senza sporcare il bordo dove si avvita il tappo.<br \/>\nChiudete con forza, capovolgete i vasetti e metteteli a raffreddare.<br \/>\n&nbsp;<br \/>\n<a itemprop=\"photo\" href=\"https:\/\/i0.wp.com\/ricettedi.it\/cucina\/wp-content\/uploads\/2014\/09\/marmellata_di_pere_decana_09.jpg\"><img data-recalc-dims=\"1\" loading=\"lazy\" decoding=\"async\" data-attachment-id=\"5664\" data-permalink=\"https:\/\/ricettedi.it\/cucina\/2014\/09\/marmellata-di-pere-decana\/olympus-digital-camera-14\/\" data-orig-file=\"https:\/\/i0.wp.com\/ricettedi.it\/cucina\/wp-content\/uploads\/2014\/09\/marmellata_di_pere_decana_09.jpg?fit=3959%2C2970&amp;ssl=1\" data-orig-size=\"3959,2970\" data-comments-opened=\"1\" data-image-meta=\"{&quot;aperture&quot;:&quot;3.4&quot;,&quot;credit&quot;:&quot;Picasa&quot;,&quot;camera&quot;:&quot;VG180,D770&quot;,&quot;caption&quot;:&quot;&quot;,&quot;created_timestamp&quot;:&quot;1410621596&quot;,&quot;copyright&quot;:&quot;&quot;,&quot;focal_length&quot;:&quot;8.3&quot;,&quot;iso&quot;:&quot;100&quot;,&quot;shutter_speed&quot;:&quot;0.000625&quot;,&quot;title&quot;:&quot;OLYMPUS DIGITAL CAMERA&quot;,&quot;orientation&quot;:&quot;0&quot;}\" data-image-title=\"OLYMPUS DIGITAL CAMERA\" data-image-description=\"\" data-image-caption=\"\" data-large-file=\"https:\/\/i0.wp.com\/ricettedi.it\/cucina\/wp-content\/uploads\/2014\/09\/marmellata_di_pere_decana_09.jpg?fit=800%2C600&amp;ssl=1\" src=\"https:\/\/i0.wp.com\/ricettedi.it\/cucina\/wp-content\/uploads\/2014\/09\/marmellata_di_pere_decana_09.jpg?resize=640%2C480\" alt=\"marmellata di pere decana\" width=\"640\" height=\"480\" class=\"aligncenter size-large wp-image-5664\" srcset=\"https:\/\/i0.wp.com\/ricettedi.it\/cucina\/wp-content\/uploads\/2014\/09\/marmellata_di_pere_decana_09.jpg?resize=1024%2C768&amp;ssl=1 1024w, https:\/\/i0.wp.com\/ricettedi.it\/cucina\/wp-content\/uploads\/2014\/09\/marmellata_di_pere_decana_09.jpg?resize=150%2C113&amp;ssl=1 150w, https:\/\/i0.wp.com\/ricettedi.it\/cucina\/wp-content\/uploads\/2014\/09\/marmellata_di_pere_decana_09.jpg?resize=300%2C225&amp;ssl=1 300w, https:\/\/i0.wp.com\/ricettedi.it\/cucina\/wp-content\/uploads\/2014\/09\/marmellata_di_pere_decana_09.jpg?w=1600 1600w, https:\/\/i0.wp.com\/ricettedi.it\/cucina\/wp-content\/uploads\/2014\/09\/marmellata_di_pere_decana_09.jpg?w=2400 2400w\" sizes=\"auto, (max-width: 640px) 100vw, 640px\" \/><\/a><br \/>\nLa vostra marmellata di pere decana \u00e8 pronta.<br \/>\n&nbsp;<br \/>\n<a itemprop=\"photo\" href=\"https:\/\/i0.wp.com\/ricettedi.it\/cucina\/wp-content\/uploads\/2014\/09\/marmellata_di_pere_decana_10.jpg\"><img data-recalc-dims=\"1\" loading=\"lazy\" decoding=\"async\" data-attachment-id=\"5665\" data-permalink=\"https:\/\/ricettedi.it\/cucina\/2014\/09\/marmellata-di-pere-decana\/olympus-digital-camera-15\/\" data-orig-file=\"https:\/\/i0.wp.com\/ricettedi.it\/cucina\/wp-content\/uploads\/2014\/09\/marmellata_di_pere_decana_10.jpg?fit=3842%2C2888&amp;ssl=1\" data-orig-size=\"3842,2888\" data-comments-opened=\"1\" data-image-meta=\"{&quot;aperture&quot;:&quot;8&quot;,&quot;credit&quot;:&quot;Picasa&quot;,&quot;camera&quot;:&quot;VG180,D770&quot;,&quot;caption&quot;:&quot;&quot;,&quot;created_timestamp&quot;:&quot;1410620956&quot;,&quot;copyright&quot;:&quot;&quot;,&quot;focal_length&quot;:&quot;4.7&quot;,&quot;iso&quot;:&quot;100&quot;,&quot;shutter_speed&quot;:&quot;0.003125&quot;,&quot;title&quot;:&quot;OLYMPUS DIGITAL CAMERA&quot;,&quot;orientation&quot;:&quot;0&quot;}\" data-image-title=\"marmellata di pere decana\" data-image-description=\"\" data-image-caption=\"\" data-large-file=\"https:\/\/i0.wp.com\/ricettedi.it\/cucina\/wp-content\/uploads\/2014\/09\/marmellata_di_pere_decana_10.jpg?fit=800%2C602&amp;ssl=1\" src=\"https:\/\/i0.wp.com\/ricettedi.it\/cucina\/wp-content\/uploads\/2014\/09\/marmellata_di_pere_decana_10.jpg?resize=640%2C481\" alt=\"marmellata di pere decana\" width=\"640\" height=\"481\" class=\"aligncenter size-large wp-image-5665\" srcset=\"https:\/\/i0.wp.com\/ricettedi.it\/cucina\/wp-content\/uploads\/2014\/09\/marmellata_di_pere_decana_10.jpg?resize=1024%2C770&amp;ssl=1 1024w, https:\/\/i0.wp.com\/ricettedi.it\/cucina\/wp-content\/uploads\/2014\/09\/marmellata_di_pere_decana_10.jpg?resize=150%2C113&amp;ssl=1 150w, https:\/\/i0.wp.com\/ricettedi.it\/cucina\/wp-content\/uploads\/2014\/09\/marmellata_di_pere_decana_10.jpg?resize=300%2C225&amp;ssl=1 300w, https:\/\/i0.wp.com\/ricettedi.it\/cucina\/wp-content\/uploads\/2014\/09\/marmellata_di_pere_decana_10.jpg?w=1600 1600w, https:\/\/i0.wp.com\/ricettedi.it\/cucina\/wp-content\/uploads\/2014\/09\/marmellata_di_pere_decana_10.jpg?w=2400 2400w\" sizes=\"auto, (max-width: 640px) 100vw, 640px\" \/><\/a><br \/>\n<\/span><br \/>\nnon hai mai preparato una marmellata o confettura? prima dai un&#8217;occhiata alla pagina <em><strong><a href=\"http:\/\/ricettedi.it\/cucina\/marmellate\">marmellate e confetture fatte in casa<\/a><\/strong><\/em>, troverai informazioni e utili suggerimenti.<br \/>\n&nbsp;<\/p>\n<td><a href=\"http:\/\/ricettedi.it\/cucina\/2009\/11\/marmellata-di-pere\/\"><img data-recalc-dims=\"1\" decoding=\"async\" src=\"https:\/\/i0.wp.com\/ricettedi.it\/miniature\/marmellata_di_pere_williams.JPG?w=800\" alt=\"marmellata di pere williams\" border=\"0\"><\/a><\/td>\n<td><a href=\"http:\/\/ricettedi.it\/cucina\/2013\/10\/marmellata-di-pere-abate\/\"><img data-recalc-dims=\"1\" decoding=\"async\" src=\"https:\/\/i0.wp.com\/ricettedi.it\/miniature\/marmellata_di_pere_abate.JPG?w=800\" alt=\"marmellata di pere abate\" border=\"0\"><\/a><\/td>\n<td><a href=\"http:\/\/ricettedi.it\/cucina\/2014\/10\/marmellata-di-pere-cotogne\/\"><img data-recalc-dims=\"1\" decoding=\"async\" src=\"https:\/\/i0.wp.com\/ricettedi.it\/miniature\/marmellata_di_pere_cotogne.JPG?w=800\" alt=\"marmellata di pere cotogne\" border=\"0\"><\/a><\/td>\n<p><figure id=\"attachment_5668\" aria-describedby=\"caption-attachment-5668\" style=\"width: 640px\" class=\"wp-caption aligncenter\"><a href=\"http:\/\/ricettedi.it\/cucina\/2014\/12\/marmellata-di-pere-e-noci\/\"><img data-recalc-dims=\"1\" loading=\"lazy\" decoding=\"async\" data-attachment-id=\"5668\" data-permalink=\"https:\/\/ricettedi.it\/cucina\/2014\/09\/marmellata-di-pere-decana\/marmellata_di_pere_e_noci_07-2\/\" data-orig-file=\"https:\/\/i0.wp.com\/ricettedi.it\/cucina\/wp-content\/uploads\/2014\/09\/marmellata_di_pere_e_noci_07.jpg?fit=2343%2C1760&amp;ssl=1\" data-orig-size=\"2343,1760\" data-comments-opened=\"1\" data-image-meta=\"{&quot;aperture&quot;:&quot;3.3&quot;,&quot;credit&quot;:&quot;Picasa&quot;,&quot;camera&quot;:&quot;VLUU ST5000, ST5000, TL240&quot;,&quot;caption&quot;:&quot;&quot;,&quot;created_timestamp&quot;:&quot;1418301737&quot;,&quot;copyright&quot;:&quot;COPYRIGHT, 2009&quot;,&quot;focal_length&quot;:&quot;5.6&quot;,&quot;iso&quot;:&quot;400&quot;,&quot;shutter_speed&quot;:&quot;0.1&quot;,&quot;title&quot;:&quot;&quot;,&quot;orientation&quot;:&quot;0&quot;}\" data-image-title=\"marmellata_di_pere_e_noci_07\" data-image-description=\"\" data-image-caption=\"&lt;p&gt;Una confettura raffinata. Il sapore deciso delle noci si sposa alla perfezione con il gusto dolce e acidulo delle pere. Gli oli rilasciati dai gherigli di noci, rendono questa marmellata particolarmente vellutata ed aromatica.&lt;\/p&gt;\n\" data-large-file=\"https:\/\/i0.wp.com\/ricettedi.it\/cucina\/wp-content\/uploads\/2014\/09\/marmellata_di_pere_e_noci_07.jpg?fit=800%2C601&amp;ssl=1\" src=\"https:\/\/i0.wp.com\/ricettedi.it\/cucina\/wp-content\/uploads\/2014\/09\/marmellata_di_pere_e_noci_07.jpg?resize=640%2C481\" alt=\"marmellata di pere e noci\" width=\"640\" height=\"481\" class=\"size-large wp-image-5668\" srcset=\"https:\/\/i0.wp.com\/ricettedi.it\/cucina\/wp-content\/uploads\/2014\/09\/marmellata_di_pere_e_noci_07.jpg?resize=1024%2C769&amp;ssl=1 1024w, https:\/\/i0.wp.com\/ricettedi.it\/cucina\/wp-content\/uploads\/2014\/09\/marmellata_di_pere_e_noci_07.jpg?resize=150%2C113&amp;ssl=1 150w, https:\/\/i0.wp.com\/ricettedi.it\/cucina\/wp-content\/uploads\/2014\/09\/marmellata_di_pere_e_noci_07.jpg?resize=300%2C225&amp;ssl=1 300w, https:\/\/i0.wp.com\/ricettedi.it\/cucina\/wp-content\/uploads\/2014\/09\/marmellata_di_pere_e_noci_07.jpg?w=1600 1600w\" sizes=\"auto, (max-width: 640px) 100vw, 640px\" \/><\/a><figcaption id=\"caption-attachment-5668\" class=\"wp-caption-text\">Una confettura raffinata. Il sapore deciso delle noci si sposa alla perfezione con il gusto dolce e acidulo delle pere. Gli oli rilasciati dai gherigli di noci, rendono questa marmellata particolarmente vellutata ed aromatica.<\/figcaption><\/figure><br \/>\n&nbsp;<\/p>\n","protected":false},"excerpt":{"rendered":"<p>Se volete fare la marmellata di pere in casa, la qualit\u00e0 migliore da  utilizzare \u00e8 senz&#8217;altro la pera decana. La sua polpa bianca, soda e compatta, leggermente acidula, \u00e8 la pi\u00f9 indicata per realizzare succhi e confetture.<\/p>\n","protected":false},"author":1,"featured_media":5665,"comment_status":"open","ping_status":"open","sticky":false,"template":"","format":"standard","meta":{"colormag_page_container_layout":"default_layout","colormag_page_sidebar_layout":"default_layout","jetpack_post_was_ever_published":false,"_jetpack_newsletter_access":"","_jetpack_dont_email_post_to_subs":false,"_jetpack_newsletter_tier_id":0,"_jetpack_memberships_contains_paywalled_content":false,"_jetpack_memberships_contains_paid_content":false,"footnotes":"","jetpack_publicize_message":"","jetpack_publicize_feature_enabled":true,"jetpack_social_post_already_shared":false,"jetpack_social_options":{"image_generator_settings":{"template":"highway","default_image_id":0,"font":"","enabled":false},"version":2}},"categories":[46,38,68,3],"tags":[69,81],"class_list":["post-3468","post","type-post","status-publish","format-standard","has-post-thumbnail","hentry","category-foto-ricette","category-marmellate-e-confetture","category-marmellate-e-confetture-foto-ricette","category-ricette","tag-marmellata","tag-pere-decana"],"jetpack_publicize_connections":[],"jetpack_featured_media_url":"https:\/\/i0.wp.com\/ricettedi.it\/cucina\/wp-content\/uploads\/2014\/09\/marmellata_di_pere_decana_10.jpg?fit=3842%2C2888&ssl=1","jetpack_sharing_enabled":true,"_links":{"self":[{"href":"https:\/\/ricettedi.it\/cucina\/wp-json\/wp\/v2\/posts\/3468","targetHints":{"allow":["GET"]}}],"collection":[{"href":"https:\/\/ricettedi.it\/cucina\/wp-json\/wp\/v2\/posts"}],"about":[{"href":"https:\/\/ricettedi.it\/cucina\/wp-json\/wp\/v2\/types\/post"}],"author":[{"embeddable":true,"href":"https:\/\/ricettedi.it\/cucina\/wp-json\/wp\/v2\/users\/1"}],"replies":[{"embeddable":true,"href":"https:\/\/ricettedi.it\/cucina\/wp-json\/wp\/v2\/comments?post=3468"}],"version-history":[{"count":9,"href":"https:\/\/ricettedi.it\/cucina\/wp-json\/wp\/v2\/posts\/3468\/revisions"}],"predecessor-version":[{"id":5669,"href":"https:\/\/ricettedi.it\/cucina\/wp-json\/wp\/v2\/posts\/3468\/revisions\/5669"}],"wp:featuredmedia":[{"embeddable":true,"href":"https:\/\/ricettedi.it\/cucina\/wp-json\/wp\/v2\/media\/5665"}],"wp:attachment":[{"href":"https:\/\/ricettedi.it\/cucina\/wp-json\/wp\/v2\/media?parent=3468"}],"wp:term":[{"taxonomy":"category","embeddable":true,"href":"https:\/\/ricettedi.it\/cucina\/wp-json\/wp\/v2\/categories?post=3468"},{"taxonomy":"post_tag","embeddable":true,"href":"https:\/\/ricettedi.it\/cucina\/wp-json\/wp\/v2\/tags?post=3468"}],"curies":[{"name":"wp","href":"https:\/\/api.w.org\/{rel}","templated":true}]}}