{"id":7838,"date":"2016-02-22T22:17:33","date_gmt":"2016-02-22T20:17:33","guid":{"rendered":"http:\/\/ricettedi.it\/cucina\/?p=7838"},"modified":"2016-02-22T22:22:05","modified_gmt":"2016-02-22T20:22:05","slug":"ragu-bianco","status":"publish","type":"post","link":"https:\/\/ricettedi.it\/cucina\/2016\/02\/ragu-bianco\/","title":{"rendered":"Rag\u00f9 Bianco"},"content":{"rendered":"<p><a href=\"https:\/\/i0.wp.com\/ricettedi.it\/cucina\/wp-content\/uploads\/2016\/02\/01_rag%C3%B9_bianco.jpg\"><img data-recalc-dims=\"1\" loading=\"lazy\" decoding=\"async\" data-attachment-id=\"7839\" data-permalink=\"https:\/\/ricettedi.it\/cucina\/2016\/02\/ragu-bianco\/olympus-digital-camera-115\/\" data-orig-file=\"https:\/\/i0.wp.com\/ricettedi.it\/cucina\/wp-content\/uploads\/2016\/02\/01_rag%C3%B9_bianco.jpg?fit=4437%2C3326&amp;ssl=1\" data-orig-size=\"4437,3326\" data-comments-opened=\"1\" data-image-meta=\"{&quot;aperture&quot;:&quot;3.4&quot;,&quot;credit&quot;:&quot;Picasa&quot;,&quot;camera&quot;:&quot;VG180,D770&quot;,&quot;caption&quot;:&quot;&quot;,&quot;created_timestamp&quot;:&quot;1455977929&quot;,&quot;copyright&quot;:&quot;&quot;,&quot;focal_length&quot;:&quot;8.3&quot;,&quot;iso&quot;:&quot;100&quot;,&quot;shutter_speed&quot;:&quot;0.0125&quot;,&quot;title&quot;:&quot;OLYMPUS DIGITAL CAMERA&quot;,&quot;orientation&quot;:&quot;0&quot;}\" data-image-title=\"OLYMPUS DIGITAL CAMERA\" data-image-description=\"\" data-image-caption=\"\" data-large-file=\"https:\/\/i0.wp.com\/ricettedi.it\/cucina\/wp-content\/uploads\/2016\/02\/01_rag%C3%B9_bianco.jpg?fit=800%2C600&amp;ssl=1\" src=\"https:\/\/i0.wp.com\/ricettedi.it\/cucina\/wp-content\/uploads\/2016\/02\/01_rag%C3%B9_bianco.jpg?resize=640%2C480\" alt=\"rag\u00f9 bianco\" width=\"640\" height=\"480\" class=\"aligncenter size-large wp-image-7839\" srcset=\"https:\/\/i0.wp.com\/ricettedi.it\/cucina\/wp-content\/uploads\/2016\/02\/01_rag%C3%B9_bianco.jpg?resize=1024%2C768&amp;ssl=1 1024w, https:\/\/i0.wp.com\/ricettedi.it\/cucina\/wp-content\/uploads\/2016\/02\/01_rag%C3%B9_bianco.jpg?resize=150%2C112&amp;ssl=1 150w, https:\/\/i0.wp.com\/ricettedi.it\/cucina\/wp-content\/uploads\/2016\/02\/01_rag%C3%B9_bianco.jpg?resize=300%2C225&amp;ssl=1 300w, https:\/\/i0.wp.com\/ricettedi.it\/cucina\/wp-content\/uploads\/2016\/02\/01_rag%C3%B9_bianco.jpg?w=1600 1600w, https:\/\/i0.wp.com\/ricettedi.it\/cucina\/wp-content\/uploads\/2016\/02\/01_rag%C3%B9_bianco.jpg?w=2400 2400w\" sizes=\"auto, (max-width: 640px) 100vw, 640px\" \/><\/a><br \/>\nquesto rag\u00f9 bianco \u00e8 un condimento completo, nutriente e per niente pesante. <strong>Niente soffritto<\/strong>, la cottura \u00e8 allungata con un paio di bicchieri d&#8217;acqua, un filino di olio di oliva ed un abbondante trito di carote e zucchine. <\/p>\n<p><strong>Un rag\u00f9 bianco leggero e delicato<\/strong>, che potete rendere cremoso aggiungendo un cucchiaio di ricotta fresca per condire un bel piatto di orecchiette come questo.<\/p>\n<p><a href=\"https:\/\/i0.wp.com\/ricettedi.it\/cucina\/wp-content\/uploads\/2016\/02\/02_rag%C3%B9_bianco.jpg\"><img data-recalc-dims=\"1\" loading=\"lazy\" decoding=\"async\" data-attachment-id=\"7840\" data-permalink=\"https:\/\/ricettedi.it\/cucina\/2016\/02\/ragu-bianco\/olympus-digital-camera-116\/\" data-orig-file=\"https:\/\/i0.wp.com\/ricettedi.it\/cucina\/wp-content\/uploads\/2016\/02\/02_rag%C3%B9_bianco.jpg?fit=4608%2C3456&amp;ssl=1\" data-orig-size=\"4608,3456\" data-comments-opened=\"1\" data-image-meta=\"{&quot;aperture&quot;:&quot;3.4&quot;,&quot;credit&quot;:&quot;Picasa&quot;,&quot;camera&quot;:&quot;VG180,D770&quot;,&quot;caption&quot;:&quot;&quot;,&quot;created_timestamp&quot;:&quot;1455978288&quot;,&quot;copyright&quot;:&quot;&quot;,&quot;focal_length&quot;:&quot;8.3&quot;,&quot;iso&quot;:&quot;100&quot;,&quot;shutter_speed&quot;:&quot;0.001&quot;,&quot;title&quot;:&quot;OLYMPUS DIGITAL CAMERA&quot;,&quot;orientation&quot;:&quot;0&quot;}\" data-image-title=\"OLYMPUS DIGITAL CAMERA\" data-image-description=\"\" data-image-caption=\"\" data-large-file=\"https:\/\/i0.wp.com\/ricettedi.it\/cucina\/wp-content\/uploads\/2016\/02\/02_rag%C3%B9_bianco.jpg?fit=800%2C600&amp;ssl=1\" src=\"https:\/\/i0.wp.com\/ricettedi.it\/cucina\/wp-content\/uploads\/2016\/02\/02_rag%C3%B9_bianco.jpg?resize=640%2C480\" alt=\"orecchiette al rag\u00f9 bianco\" width=\"640\" height=\"480\" class=\"aligncenter size-large wp-image-7840\" srcset=\"https:\/\/i0.wp.com\/ricettedi.it\/cucina\/wp-content\/uploads\/2016\/02\/02_rag%C3%B9_bianco.jpg?resize=1024%2C768&amp;ssl=1 1024w, https:\/\/i0.wp.com\/ricettedi.it\/cucina\/wp-content\/uploads\/2016\/02\/02_rag%C3%B9_bianco.jpg?resize=150%2C113&amp;ssl=1 150w, https:\/\/i0.wp.com\/ricettedi.it\/cucina\/wp-content\/uploads\/2016\/02\/02_rag%C3%B9_bianco.jpg?resize=300%2C225&amp;ssl=1 300w, https:\/\/i0.wp.com\/ricettedi.it\/cucina\/wp-content\/uploads\/2016\/02\/02_rag%C3%B9_bianco.jpg?w=1600 1600w, https:\/\/i0.wp.com\/ricettedi.it\/cucina\/wp-content\/uploads\/2016\/02\/02_rag%C3%B9_bianco.jpg?w=2400 2400w\" sizes=\"auto, (max-width: 640px) 100vw, 640px\" \/><\/a><\/p>\n<p><strong>Ingredienti per 4 persone:<\/strong><\/p>\n<p>&#8211; 2 carote (medie)<br \/>\n&#8211; 1 zucchina (1 grande oppure 2 piccole)<br \/>\n&#8211; 1 fettina di cipolla<br \/>\n&#8211; 300 g di macinato di suino<br \/>\n&#8211; olio extravergine di oliva<br \/>\n&#8211; 1 cucchiaio di ricotta<br \/>\n&#8211; parmigiano reggiano grattugiato<\/p>\n<p><strong>Preparazione:<\/strong><\/p>\n<p>Tagliate le carote e le zucchine a pezzettoni, aggiungete una fettina di cipolla e poi tritate tutto finemente<\/p>\n<p><a href=\"https:\/\/i0.wp.com\/ricettedi.it\/cucina\/wp-content\/uploads\/2016\/02\/03_rag%C3%B9_bianco.jpg\"><img data-recalc-dims=\"1\" loading=\"lazy\" decoding=\"async\" data-attachment-id=\"7841\" data-permalink=\"https:\/\/ricettedi.it\/cucina\/2016\/02\/ragu-bianco\/03_ragu_bianco\/\" data-orig-file=\"https:\/\/i0.wp.com\/ricettedi.it\/cucina\/wp-content\/uploads\/2016\/02\/03_rag%C3%B9_bianco.jpg?fit=5120%2C3840&amp;ssl=1\" data-orig-size=\"5120,3840\" data-comments-opened=\"1\" data-image-meta=\"{&quot;aperture&quot;:&quot;0&quot;,&quot;credit&quot;:&quot;Picasa&quot;,&quot;camera&quot;:&quot;&quot;,&quot;caption&quot;:&quot;&quot;,&quot;created_timestamp&quot;:&quot;1456038191&quot;,&quot;copyright&quot;:&quot;&quot;,&quot;focal_length&quot;:&quot;0&quot;,&quot;iso&quot;:&quot;0&quot;,&quot;shutter_speed&quot;:&quot;0&quot;,&quot;title&quot;:&quot;&quot;,&quot;orientation&quot;:&quot;0&quot;}\" data-image-title=\"03_rag\u00f9_bianco\" data-image-description=\"\" data-image-caption=\"\" data-large-file=\"https:\/\/i0.wp.com\/ricettedi.it\/cucina\/wp-content\/uploads\/2016\/02\/03_rag%C3%B9_bianco.jpg?fit=800%2C600&amp;ssl=1\" src=\"https:\/\/i0.wp.com\/ricettedi.it\/cucina\/wp-content\/uploads\/2016\/02\/03_rag%C3%B9_bianco.jpg?resize=640%2C480\" alt=\"03_rag\u00f9_bianco\" width=\"640\" height=\"480\" class=\"aligncenter size-large wp-image-7841\" srcset=\"https:\/\/i0.wp.com\/ricettedi.it\/cucina\/wp-content\/uploads\/2016\/02\/03_rag%C3%B9_bianco.jpg?resize=1024%2C768&amp;ssl=1 1024w, https:\/\/i0.wp.com\/ricettedi.it\/cucina\/wp-content\/uploads\/2016\/02\/03_rag%C3%B9_bianco.jpg?resize=150%2C113&amp;ssl=1 150w, https:\/\/i0.wp.com\/ricettedi.it\/cucina\/wp-content\/uploads\/2016\/02\/03_rag%C3%B9_bianco.jpg?resize=300%2C225&amp;ssl=1 300w, https:\/\/i0.wp.com\/ricettedi.it\/cucina\/wp-content\/uploads\/2016\/02\/03_rag%C3%B9_bianco.jpg?w=1600 1600w, https:\/\/i0.wp.com\/ricettedi.it\/cucina\/wp-content\/uploads\/2016\/02\/03_rag%C3%B9_bianco.jpg?w=2400 2400w\" sizes=\"auto, (max-width: 640px) 100vw, 640px\" \/><\/a><br \/>\nQuesto \u00e8 il trito. Se gradite, potete aggiungere anche uno spicchietto di aglio ed una costina di sedano <\/p>\n<p><a href=\"https:\/\/i0.wp.com\/ricettedi.it\/cucina\/wp-content\/uploads\/2016\/02\/04_rag%C3%B9_bianco.jpg\"><img data-recalc-dims=\"1\" loading=\"lazy\" decoding=\"async\" data-attachment-id=\"7842\" data-permalink=\"https:\/\/ricettedi.it\/cucina\/2016\/02\/ragu-bianco\/olympus-digital-camera-117\/\" data-orig-file=\"https:\/\/i0.wp.com\/ricettedi.it\/cucina\/wp-content\/uploads\/2016\/02\/04_rag%C3%B9_bianco.jpg?fit=4608%2C3456&amp;ssl=1\" data-orig-size=\"4608,3456\" data-comments-opened=\"1\" data-image-meta=\"{&quot;aperture&quot;:&quot;3.4&quot;,&quot;credit&quot;:&quot;Picasa&quot;,&quot;camera&quot;:&quot;VG180,D770&quot;,&quot;caption&quot;:&quot;&quot;,&quot;created_timestamp&quot;:&quot;1455973290&quot;,&quot;copyright&quot;:&quot;&quot;,&quot;focal_length&quot;:&quot;8.3&quot;,&quot;iso&quot;:&quot;200&quot;,&quot;shutter_speed&quot;:&quot;0.025&quot;,&quot;title&quot;:&quot;OLYMPUS DIGITAL CAMERA&quot;,&quot;orientation&quot;:&quot;0&quot;}\" data-image-title=\"OLYMPUS DIGITAL CAMERA\" data-image-description=\"\" data-image-caption=\"\" data-large-file=\"https:\/\/i0.wp.com\/ricettedi.it\/cucina\/wp-content\/uploads\/2016\/02\/04_rag%C3%B9_bianco.jpg?fit=800%2C600&amp;ssl=1\" src=\"https:\/\/i0.wp.com\/ricettedi.it\/cucina\/wp-content\/uploads\/2016\/02\/04_rag%C3%B9_bianco.jpg?resize=640%2C480\" alt=\"rag\u00f9 bianco\" width=\"640\" height=\"480\" class=\"aligncenter size-large wp-image-7842\" srcset=\"https:\/\/i0.wp.com\/ricettedi.it\/cucina\/wp-content\/uploads\/2016\/02\/04_rag%C3%B9_bianco.jpg?resize=1024%2C768&amp;ssl=1 1024w, https:\/\/i0.wp.com\/ricettedi.it\/cucina\/wp-content\/uploads\/2016\/02\/04_rag%C3%B9_bianco.jpg?resize=150%2C113&amp;ssl=1 150w, https:\/\/i0.wp.com\/ricettedi.it\/cucina\/wp-content\/uploads\/2016\/02\/04_rag%C3%B9_bianco.jpg?resize=300%2C225&amp;ssl=1 300w, https:\/\/i0.wp.com\/ricettedi.it\/cucina\/wp-content\/uploads\/2016\/02\/04_rag%C3%B9_bianco.jpg?w=1600 1600w, https:\/\/i0.wp.com\/ricettedi.it\/cucina\/wp-content\/uploads\/2016\/02\/04_rag%C3%B9_bianco.jpg?w=2400 2400w\" sizes=\"auto, (max-width: 640px) 100vw, 640px\" \/><\/a><br \/>\nfatevi preparare dal vostro macellaio di fiducia, 300 g di macinato di suino scelto.<\/p>\n<p><a href=\"https:\/\/i0.wp.com\/ricettedi.it\/cucina\/wp-content\/uploads\/2016\/02\/05_rag%C3%B9_bianco.jpg\"><img data-recalc-dims=\"1\" loading=\"lazy\" decoding=\"async\" data-attachment-id=\"7843\" data-permalink=\"https:\/\/ricettedi.it\/cucina\/2016\/02\/ragu-bianco\/olympus-digital-camera-118\/\" data-orig-file=\"https:\/\/i0.wp.com\/ricettedi.it\/cucina\/wp-content\/uploads\/2016\/02\/05_rag%C3%B9_bianco.jpg?fit=4608%2C3456&amp;ssl=1\" data-orig-size=\"4608,3456\" data-comments-opened=\"1\" data-image-meta=\"{&quot;aperture&quot;:&quot;3.4&quot;,&quot;credit&quot;:&quot;Picasa&quot;,&quot;camera&quot;:&quot;VG180,D770&quot;,&quot;caption&quot;:&quot;&quot;,&quot;created_timestamp&quot;:&quot;1455973613&quot;,&quot;copyright&quot;:&quot;&quot;,&quot;focal_length&quot;:&quot;8.3&quot;,&quot;iso&quot;:&quot;200&quot;,&quot;shutter_speed&quot;:&quot;0.02&quot;,&quot;title&quot;:&quot;OLYMPUS DIGITAL CAMERA&quot;,&quot;orientation&quot;:&quot;0&quot;}\" data-image-title=\"OLYMPUS DIGITAL CAMERA\" data-image-description=\"\" data-image-caption=\"\" data-large-file=\"https:\/\/i0.wp.com\/ricettedi.it\/cucina\/wp-content\/uploads\/2016\/02\/05_rag%C3%B9_bianco.jpg?fit=800%2C600&amp;ssl=1\" src=\"https:\/\/i0.wp.com\/ricettedi.it\/cucina\/wp-content\/uploads\/2016\/02\/05_rag%C3%B9_bianco.jpg?resize=640%2C480\" alt=\"rag\u00f9 bianco\" width=\"640\" height=\"480\" class=\"aligncenter size-large wp-image-7843\" srcset=\"https:\/\/i0.wp.com\/ricettedi.it\/cucina\/wp-content\/uploads\/2016\/02\/05_rag%C3%B9_bianco.jpg?resize=1024%2C768&amp;ssl=1 1024w, https:\/\/i0.wp.com\/ricettedi.it\/cucina\/wp-content\/uploads\/2016\/02\/05_rag%C3%B9_bianco.jpg?resize=150%2C113&amp;ssl=1 150w, https:\/\/i0.wp.com\/ricettedi.it\/cucina\/wp-content\/uploads\/2016\/02\/05_rag%C3%B9_bianco.jpg?resize=300%2C225&amp;ssl=1 300w, https:\/\/i0.wp.com\/ricettedi.it\/cucina\/wp-content\/uploads\/2016\/02\/05_rag%C3%B9_bianco.jpg?w=1600 1600w, https:\/\/i0.wp.com\/ricettedi.it\/cucina\/wp-content\/uploads\/2016\/02\/05_rag%C3%B9_bianco.jpg?w=2400 2400w\" sizes=\"auto, (max-width: 640px) 100vw, 640px\" \/><\/a><br \/>\nUnite il trito di verdure ed il macinato di carne in una buona pentola per rag\u00f9 con un bel fondo spesso per non farlo attaccare. Aggiungete un pizzico di sale, un filo di olio e 3 bicchieri di acqua (oppure di brodo vegetale). <strong>Durante la prima fase della cottura, tenete la fiamma alta<\/strong> e mescolate in continuazione per sbriciolare la carne. Dopo circa cinque minuti, quando la carne sembra gi\u00e0 cotta, abbassate la fiamma e continuate la cottura con il coperchio sollevato.<\/p>\n<p><a href=\"https:\/\/i0.wp.com\/ricettedi.it\/cucina\/wp-content\/uploads\/2016\/02\/06_rag%C3%B9_bianco.jpg\"><img data-recalc-dims=\"1\" loading=\"lazy\" decoding=\"async\" data-attachment-id=\"7844\" data-permalink=\"https:\/\/ricettedi.it\/cucina\/2016\/02\/ragu-bianco\/06_ragu_bianco\/\" data-orig-file=\"https:\/\/i0.wp.com\/ricettedi.it\/cucina\/wp-content\/uploads\/2016\/02\/06_rag%C3%B9_bianco.jpg?fit=5120%2C3840&amp;ssl=1\" data-orig-size=\"5120,3840\" data-comments-opened=\"1\" data-image-meta=\"{&quot;aperture&quot;:&quot;0&quot;,&quot;credit&quot;:&quot;Picasa&quot;,&quot;camera&quot;:&quot;&quot;,&quot;caption&quot;:&quot;&quot;,&quot;created_timestamp&quot;:&quot;1456038338&quot;,&quot;copyright&quot;:&quot;&quot;,&quot;focal_length&quot;:&quot;0&quot;,&quot;iso&quot;:&quot;0&quot;,&quot;shutter_speed&quot;:&quot;0&quot;,&quot;title&quot;:&quot;&quot;,&quot;orientation&quot;:&quot;0&quot;}\" data-image-title=\"06_rag\u00f9_bianco\" data-image-description=\"\" data-image-caption=\"\" data-large-file=\"https:\/\/i0.wp.com\/ricettedi.it\/cucina\/wp-content\/uploads\/2016\/02\/06_rag%C3%B9_bianco.jpg?fit=800%2C600&amp;ssl=1\" src=\"https:\/\/i0.wp.com\/ricettedi.it\/cucina\/wp-content\/uploads\/2016\/02\/06_rag%C3%B9_bianco.jpg?resize=640%2C480\" alt=\"06_rag\u00f9_bianco\" width=\"640\" height=\"480\" class=\"aligncenter size-large wp-image-7844\" srcset=\"https:\/\/i0.wp.com\/ricettedi.it\/cucina\/wp-content\/uploads\/2016\/02\/06_rag%C3%B9_bianco.jpg?resize=1024%2C768&amp;ssl=1 1024w, https:\/\/i0.wp.com\/ricettedi.it\/cucina\/wp-content\/uploads\/2016\/02\/06_rag%C3%B9_bianco.jpg?resize=150%2C113&amp;ssl=1 150w, https:\/\/i0.wp.com\/ricettedi.it\/cucina\/wp-content\/uploads\/2016\/02\/06_rag%C3%B9_bianco.jpg?resize=300%2C225&amp;ssl=1 300w, https:\/\/i0.wp.com\/ricettedi.it\/cucina\/wp-content\/uploads\/2016\/02\/06_rag%C3%B9_bianco.jpg?w=1600 1600w, https:\/\/i0.wp.com\/ricettedi.it\/cucina\/wp-content\/uploads\/2016\/02\/06_rag%C3%B9_bianco.jpg?w=2400 2400w\" sizes=\"auto, (max-width: 640px) 100vw, 640px\" \/><\/a><br \/>\ncuocete il vostro rag\u00f9 bianco per 20-30 minuti circa a fiamma media. Proseguite fino a che l&#8217;acqua di cottura non si \u00e8 quasi completamente asciugata.<\/p>\n<p><a href=\"https:\/\/i0.wp.com\/ricettedi.it\/cucina\/wp-content\/uploads\/2016\/02\/07_rag%C3%B9_bianco.jpg\"><img data-recalc-dims=\"1\" loading=\"lazy\" decoding=\"async\" data-attachment-id=\"7845\" data-permalink=\"https:\/\/ricettedi.it\/cucina\/2016\/02\/ragu-bianco\/olympus-digital-camera-119\/\" data-orig-file=\"https:\/\/i0.wp.com\/ricettedi.it\/cucina\/wp-content\/uploads\/2016\/02\/07_rag%C3%B9_bianco.jpg?fit=3945%2C2963&amp;ssl=1\" data-orig-size=\"3945,2963\" data-comments-opened=\"1\" data-image-meta=\"{&quot;aperture&quot;:&quot;3.4&quot;,&quot;credit&quot;:&quot;Picasa&quot;,&quot;camera&quot;:&quot;VG180,D770&quot;,&quot;caption&quot;:&quot;&quot;,&quot;created_timestamp&quot;:&quot;1455975908&quot;,&quot;copyright&quot;:&quot;&quot;,&quot;focal_length&quot;:&quot;8.3&quot;,&quot;iso&quot;:&quot;400&quot;,&quot;shutter_speed&quot;:&quot;0.0333333333333&quot;,&quot;title&quot;:&quot;OLYMPUS DIGITAL CAMERA&quot;,&quot;orientation&quot;:&quot;0&quot;}\" data-image-title=\"OLYMPUS DIGITAL CAMERA\" data-image-description=\"\" data-image-caption=\"\" data-large-file=\"https:\/\/i0.wp.com\/ricettedi.it\/cucina\/wp-content\/uploads\/2016\/02\/07_rag%C3%B9_bianco.jpg?fit=800%2C601&amp;ssl=1\" src=\"https:\/\/i0.wp.com\/ricettedi.it\/cucina\/wp-content\/uploads\/2016\/02\/07_rag%C3%B9_bianco.jpg?resize=640%2C481\" alt=\"rag\u00f9 bianco\" width=\"640\" height=\"481\" class=\"aligncenter size-large wp-image-7845\" srcset=\"https:\/\/i0.wp.com\/ricettedi.it\/cucina\/wp-content\/uploads\/2016\/02\/07_rag%C3%B9_bianco.jpg?resize=1024%2C769&amp;ssl=1 1024w, https:\/\/i0.wp.com\/ricettedi.it\/cucina\/wp-content\/uploads\/2016\/02\/07_rag%C3%B9_bianco.jpg?resize=150%2C113&amp;ssl=1 150w, https:\/\/i0.wp.com\/ricettedi.it\/cucina\/wp-content\/uploads\/2016\/02\/07_rag%C3%B9_bianco.jpg?resize=300%2C225&amp;ssl=1 300w, https:\/\/i0.wp.com\/ricettedi.it\/cucina\/wp-content\/uploads\/2016\/02\/07_rag%C3%B9_bianco.jpg?w=1600 1600w, https:\/\/i0.wp.com\/ricettedi.it\/cucina\/wp-content\/uploads\/2016\/02\/07_rag%C3%B9_bianco.jpg?w=2400 2400w\" sizes=\"auto, (max-width: 640px) 100vw, 640px\" \/><\/a><br \/>\nIl vostro condimento al rag\u00f9 bianco \u00e8 pronto. <\/p>\n<p><a href=\"https:\/\/i0.wp.com\/ricettedi.it\/cucina\/wp-content\/uploads\/2016\/02\/08_rag%C3%B9_bianco.jpg\"><img data-recalc-dims=\"1\" loading=\"lazy\" decoding=\"async\" data-attachment-id=\"7846\" data-permalink=\"https:\/\/ricettedi.it\/cucina\/2016\/02\/ragu-bianco\/olympus-digital-camera-120\/\" data-orig-file=\"https:\/\/i0.wp.com\/ricettedi.it\/cucina\/wp-content\/uploads\/2016\/02\/08_rag%C3%B9_bianco.jpg?fit=4075%2C3059&amp;ssl=1\" data-orig-size=\"4075,3059\" data-comments-opened=\"1\" data-image-meta=\"{&quot;aperture&quot;:&quot;3.4&quot;,&quot;credit&quot;:&quot;Picasa&quot;,&quot;camera&quot;:&quot;VG180,D770&quot;,&quot;caption&quot;:&quot;&quot;,&quot;created_timestamp&quot;:&quot;1455977906&quot;,&quot;copyright&quot;:&quot;&quot;,&quot;focal_length&quot;:&quot;8.3&quot;,&quot;iso&quot;:&quot;100&quot;,&quot;shutter_speed&quot;:&quot;0.0125&quot;,&quot;title&quot;:&quot;OLYMPUS DIGITAL CAMERA&quot;,&quot;orientation&quot;:&quot;0&quot;}\" data-image-title=\"OLYMPUS DIGITAL CAMERA\" data-image-description=\"\" data-image-caption=\"\" data-large-file=\"https:\/\/i0.wp.com\/ricettedi.it\/cucina\/wp-content\/uploads\/2016\/02\/08_rag%C3%B9_bianco.jpg?fit=800%2C601&amp;ssl=1\" src=\"https:\/\/i0.wp.com\/ricettedi.it\/cucina\/wp-content\/uploads\/2016\/02\/08_rag%C3%B9_bianco.jpg?resize=640%2C481\" alt=\"rag\u00f9 bianco\" width=\"640\" height=\"481\" class=\"aligncenter size-large wp-image-7846\" srcset=\"https:\/\/i0.wp.com\/ricettedi.it\/cucina\/wp-content\/uploads\/2016\/02\/08_rag%C3%B9_bianco.jpg?resize=1024%2C769&amp;ssl=1 1024w, https:\/\/i0.wp.com\/ricettedi.it\/cucina\/wp-content\/uploads\/2016\/02\/08_rag%C3%B9_bianco.jpg?resize=150%2C113&amp;ssl=1 150w, https:\/\/i0.wp.com\/ricettedi.it\/cucina\/wp-content\/uploads\/2016\/02\/08_rag%C3%B9_bianco.jpg?resize=300%2C225&amp;ssl=1 300w, https:\/\/i0.wp.com\/ricettedi.it\/cucina\/wp-content\/uploads\/2016\/02\/08_rag%C3%B9_bianco.jpg?w=1600 1600w, https:\/\/i0.wp.com\/ricettedi.it\/cucina\/wp-content\/uploads\/2016\/02\/08_rag%C3%B9_bianco.jpg?w=2400 2400w\" sizes=\"auto, (max-width: 640px) 100vw, 640px\" \/><\/a><br \/>\nIn questa foto-ricetta chef Antony lo ha utilizzato per <strong>condire un bel piatto di orecchiette fresche<\/strong>. Il procedimento \u00e8 questo:<br \/>\nscolate le orecchiette al dente, versatele nella pentola del rag\u00f9, aggiungete 1 cucchiaio colmo di ricotta e mantecate per un paio di minuti. Impiattate con un filo di olio extravergine di oliva, un  po&#8217; di parmigiano grattugiato e qualche fogliolina di rucola fresca<\/p>\n<p><a href=\"https:\/\/i0.wp.com\/ricettedi.it\/cucina\/wp-content\/uploads\/2016\/02\/09_rag%C3%B9_bianco.jpg\"><img data-recalc-dims=\"1\" loading=\"lazy\" decoding=\"async\" data-attachment-id=\"7847\" data-permalink=\"https:\/\/ricettedi.it\/cucina\/2016\/02\/ragu-bianco\/olympus-digital-camera-121\/\" data-orig-file=\"https:\/\/i0.wp.com\/ricettedi.it\/cucina\/wp-content\/uploads\/2016\/02\/09_rag%C3%B9_bianco.jpg?fit=4020%2C3018&amp;ssl=1\" data-orig-size=\"4020,3018\" data-comments-opened=\"1\" data-image-meta=\"{&quot;aperture&quot;:&quot;3.4&quot;,&quot;credit&quot;:&quot;Picasa&quot;,&quot;camera&quot;:&quot;VG180,D770&quot;,&quot;caption&quot;:&quot;&quot;,&quot;created_timestamp&quot;:&quot;1455978251&quot;,&quot;copyright&quot;:&quot;&quot;,&quot;focal_length&quot;:&quot;8.3&quot;,&quot;iso&quot;:&quot;100&quot;,&quot;shutter_speed&quot;:&quot;0.001&quot;,&quot;title&quot;:&quot;OLYMPUS DIGITAL CAMERA&quot;,&quot;orientation&quot;:&quot;0&quot;}\" data-image-title=\"OLYMPUS DIGITAL CAMERA\" data-image-description=\"\" data-image-caption=\"\" data-large-file=\"https:\/\/i0.wp.com\/ricettedi.it\/cucina\/wp-content\/uploads\/2016\/02\/09_rag%C3%B9_bianco.jpg?fit=800%2C601&amp;ssl=1\" src=\"https:\/\/i0.wp.com\/ricettedi.it\/cucina\/wp-content\/uploads\/2016\/02\/09_rag%C3%B9_bianco.jpg?resize=640%2C481\" alt=\"orecchiette al rag\u00f9 bianco\" width=\"640\" height=\"481\" class=\"aligncenter size-large wp-image-7847\" srcset=\"https:\/\/i0.wp.com\/ricettedi.it\/cucina\/wp-content\/uploads\/2016\/02\/09_rag%C3%B9_bianco.jpg?resize=1024%2C769&amp;ssl=1 1024w, https:\/\/i0.wp.com\/ricettedi.it\/cucina\/wp-content\/uploads\/2016\/02\/09_rag%C3%B9_bianco.jpg?resize=150%2C113&amp;ssl=1 150w, https:\/\/i0.wp.com\/ricettedi.it\/cucina\/wp-content\/uploads\/2016\/02\/09_rag%C3%B9_bianco.jpg?resize=300%2C225&amp;ssl=1 300w, https:\/\/i0.wp.com\/ricettedi.it\/cucina\/wp-content\/uploads\/2016\/02\/09_rag%C3%B9_bianco.jpg?w=1600 1600w, https:\/\/i0.wp.com\/ricettedi.it\/cucina\/wp-content\/uploads\/2016\/02\/09_rag%C3%B9_bianco.jpg?w=2400 2400w\" sizes=\"auto, (max-width: 640px) 100vw, 640px\" \/><\/a><\/p>\n","protected":false},"excerpt":{"rendered":"<p>questo rag\u00f9 bianco \u00e8 un condimento completo, nutriente e per niente pesante. Niente soffritto, la cottura \u00e8 allungata con un<\/p>\n","protected":false},"author":1,"featured_media":7839,"comment_status":"open","ping_status":"open","sticky":false,"template":"","format":"standard","meta":{"colormag_page_container_layout":"default_layout","colormag_page_sidebar_layout":"default_layout","jetpack_post_was_ever_published":false,"_jetpack_newsletter_access":"","_jetpack_dont_email_post_to_subs":false,"_jetpack_newsletter_tier_id":0,"_jetpack_memberships_contains_paywalled_content":false,"_jetpack_memberships_contains_paid_content":false,"footnotes":"","jetpack_publicize_message":"","jetpack_publicize_feature_enabled":true,"jetpack_social_post_already_shared":false,"jetpack_social_options":{"image_generator_settings":{"template":"highway","default_image_id":0,"font":"","enabled":false},"version":2}},"categories":[46,11,50,3],"tags":[268,258,196,119],"class_list":["post-7838","post","type-post","status-publish","format-standard","has-post-thumbnail","hentry","category-foto-ricette","category-primi","category-primi-foto-ricette","category-ricette","tag-carote","tag-maiale","tag-ragu","tag-zucchine"],"jetpack_publicize_connections":[],"jetpack_featured_media_url":"https:\/\/i0.wp.com\/ricettedi.it\/cucina\/wp-content\/uploads\/2016\/02\/01_rag%C3%B9_bianco.jpg?fit=4437%2C3326&ssl=1","jetpack_sharing_enabled":true,"_links":{"self":[{"href":"https:\/\/ricettedi.it\/cucina\/wp-json\/wp\/v2\/posts\/7838","targetHints":{"allow":["GET"]}}],"collection":[{"href":"https:\/\/ricettedi.it\/cucina\/wp-json\/wp\/v2\/posts"}],"about":[{"href":"https:\/\/ricettedi.it\/cucina\/wp-json\/wp\/v2\/types\/post"}],"author":[{"embeddable":true,"href":"https:\/\/ricettedi.it\/cucina\/wp-json\/wp\/v2\/users\/1"}],"replies":[{"embeddable":true,"href":"https:\/\/ricettedi.it\/cucina\/wp-json\/wp\/v2\/comments?post=7838"}],"version-history":[{"count":7,"href":"https:\/\/ricettedi.it\/cucina\/wp-json\/wp\/v2\/posts\/7838\/revisions"}],"predecessor-version":[{"id":7855,"href":"https:\/\/ricettedi.it\/cucina\/wp-json\/wp\/v2\/posts\/7838\/revisions\/7855"}],"wp:featuredmedia":[{"embeddable":true,"href":"https:\/\/ricettedi.it\/cucina\/wp-json\/wp\/v2\/media\/7839"}],"wp:attachment":[{"href":"https:\/\/ricettedi.it\/cucina\/wp-json\/wp\/v2\/media?parent=7838"}],"wp:term":[{"taxonomy":"category","embeddable":true,"href":"https:\/\/ricettedi.it\/cucina\/wp-json\/wp\/v2\/categories?post=7838"},{"taxonomy":"post_tag","embeddable":true,"href":"https:\/\/ricettedi.it\/cucina\/wp-json\/wp\/v2\/tags?post=7838"}],"curies":[{"name":"wp","href":"https:\/\/api.w.org\/{rel}","templated":true}]}}